{"id":187,"date":"2021-02-13T11:33:44","date_gmt":"2021-02-13T10:33:44","guid":{"rendered":"https:\/\/masdeserra.cat\/blog\/?p=187"},"modified":"2023-07-27T09:37:02","modified_gmt":"2023-07-27T07:37:02","slug":"calcotades-en-temps-de-covid-si-al-mas-de-serra","status":"publish","type":"post","link":"https:\/\/masdeserra.cat\/blog\/calcotades-en-temps-de-covid-si-al-mas-de-serra\/","title":{"rendered":"\u00bfCal\u00e7otades en temps de COVID? S\u00ed, al Mas de Serra!"},"content":{"rendered":"\n<p>Hivern de l&#8217;any 2021, \u00e8poca de cal\u00e7otades, aix\u00f2 s\u00ed, amb restriccions per frenar la propagaci\u00f3 de la COVID-19.<\/p>\n\n\n\n<p>Per\u00f2 al Mas de Serra ens hem adaptat als requeriments actuals i tenim dues opcions, perqu\u00e8 puguis escollir la que m\u00e9s us interessi i gaudir d&#8217;una estada de cap de setmana d&#8217;una o dues nits i d&#8217;un dia a l&#8217;aire lliure fent la cal\u00e7otada .<\/p>\n\n\n\n<p>Seguim cultivant els cal\u00e7ots que estaran a punt per ser collits el dia que trieu per fer la cal\u00e7otada i l&#8217;\u00c0ngels us preparar\u00e0 el romesco, aquesta salsa per sucar els cal\u00e7ots i que els fa tan especials\u2026 perfecte tamb\u00e9 per sucar-hi pa.<\/p>\n\n\n\n<p>Per\u00f2 no tant sols cal\u00e7ots i romesco&#8230; molt m\u00e9s&#8230;, pots veure els detalls a la nostra web i tamb\u00e9 els preus que, amb IVA incl\u00f2s, s\u00f3n 15 \u20ac \/ persona una opci\u00f3 i 30 \u20ac \/ persona l&#8217;altre, a les dues s&#8217;ha d&#8217;afegir el preu de l&#8217;estada. Entra en aquest enlla\u00e7: <a href=\"https:\/\/masdeserra.cat\/calsotades.php\">Cal\u00e7otades<\/a> i tria.<\/p>\n\n\n\n<p>Tamb\u00e9 tenim a la teva disposici\u00f3 un formulari de contacte per si vols consultar alguna cosa o si tens algun dubte, o directament reservar. Est\u00e0 en aquest enlla\u00e7: <a href=\"https:\/\/masdeserra.cat\/contacte.php\">Formulari de contacte<\/a>.<\/p>\n\n\n\n<p>T&#8217;esperem al Mas de Serra!<\/p>\n","protected":false},"excerpt":{"rendered":"<p>Hivern de l&#8217;any 2021, \u00e8poca de cal\u00e7otades, aix\u00f2 s\u00ed, amb restriccions per frenar la propagaci\u00f3 de la COVID-19. Per\u00f2 al Mas de Serra ens hem adaptat als requeriments actuals i tenim dues opcions, perqu\u00e8 puguis escollir la que m\u00e9s us interessi i gaudir d&#8217;una estada de cap de setmana d&#8217;una o dues nits i d&#8217;un [&hellip;]<\/p>\n","protected":false},"author":1,"featured_media":188,"comment_status":"closed","ping_status":"closed","sticky":false,"template":"","format":"standard","meta":{"footnotes":""},"categories":[12],"tags":[55,56],"class_list":["post-187","post","type-post","status-publish","format-standard","has-post-thumbnail","hentry","category-calcotades","tag-agroturisme","tag-calcotada-2021"],"yoast_head":"<!-- This site is optimized with the Yoast SEO plugin v27.3 - https:\/\/yoast.com\/product\/yoast-seo-wordpress\/ -->\n<title>\u00bfCal\u00e7otades en temps de COVID? S\u00ed, al Mas de Serra! - Blog del Mas de Serra.<\/title>\n<meta name=\"robots\" content=\"index, follow, max-snippet:-1, max-image-preview:large, max-video-preview:-1\" \/>\n<link rel=\"canonical\" href=\"https:\/\/masdeserra.cat\/blog\/calcotades-en-temps-de-covid-si-al-mas-de-serra\/\" \/>\n<meta property=\"og:locale\" content=\"ca_ES\" \/>\n<meta property=\"og:type\" content=\"article\" \/>\n<meta property=\"og:title\" content=\"\u00bfCal\u00e7otades en temps de COVID? S\u00ed, al Mas de Serra! - Blog del Mas de Serra.\" \/>\n<meta property=\"og:description\" content=\"Hivern de l&#8217;any 2021, \u00e8poca de cal\u00e7otades, aix\u00f2 s\u00ed, amb restriccions per frenar la propagaci\u00f3 de la COVID-19. Per\u00f2 al Mas de Serra ens hem adaptat als requeriments actuals i tenim dues opcions, perqu\u00e8 puguis escollir la que m\u00e9s us interessi i gaudir d&#8217;una estada de cap de setmana d&#8217;una o dues nits i d&#8217;un [&hellip;]\" \/>\n<meta property=\"og:url\" content=\"https:\/\/masdeserra.cat\/blog\/calcotades-en-temps-de-covid-si-al-mas-de-serra\/\" \/>\n<meta property=\"og:site_name\" content=\"Blog del Mas de Serra.\" \/>\n<meta property=\"article:published_time\" content=\"2021-02-13T10:33:44+00:00\" \/>\n<meta property=\"article:modified_time\" content=\"2023-07-27T07:37:02+00:00\" \/>\n<meta property=\"og:image\" content=\"https:\/\/masdeserra.cat\/blog\/wp-content\/uploads\/2021\/02\/1365761327_b500.jpg\" \/>\n\t<meta property=\"og:image:width\" content=\"860\" \/>\n\t<meta property=\"og:image:height\" content=\"572\" \/>\n\t<meta property=\"og:image:type\" content=\"image\/jpeg\" \/>\n<meta name=\"author\" content=\"Francesc Domingo\" \/>\n<meta name=\"twitter:card\" content=\"summary_large_image\" \/>\n<meta name=\"twitter:label1\" content=\"Escrit per\" \/>\n\t<meta name=\"twitter:data1\" content=\"Francesc Domingo\" \/>\n\t<meta name=\"twitter:label2\" content=\"Temps estimat de lectura\" \/>\n\t<meta name=\"twitter:data2\" content=\"1 minut\" \/>\n<script type=\"application\/ld+json\" class=\"yoast-schema-graph\">{\"@context\":\"https:\\\/\\\/schema.org\",\"@graph\":[{\"@type\":\"Article\",\"@id\":\"https:\\\/\\\/masdeserra.cat\\\/blog\\\/calcotades-en-temps-de-covid-si-al-mas-de-serra\\\/#article\",\"isPartOf\":{\"@id\":\"https:\\\/\\\/masdeserra.cat\\\/blog\\\/calcotades-en-temps-de-covid-si-al-mas-de-serra\\\/\"},\"author\":{\"name\":\"Francesc Domingo\",\"@id\":\"https:\\\/\\\/masdeserra.cat\\\/blog\\\/#\\\/schema\\\/person\\\/2ebcedfadfccf124dd85095b936f96da\"},\"headline\":\"\u00bfCal\u00e7otades en temps de COVID? S\u00ed, al Mas de Serra!\",\"datePublished\":\"2021-02-13T10:33:44+00:00\",\"dateModified\":\"2023-07-27T07:37:02+00:00\",\"mainEntityOfPage\":{\"@id\":\"https:\\\/\\\/masdeserra.cat\\\/blog\\\/calcotades-en-temps-de-covid-si-al-mas-de-serra\\\/\"},\"wordCount\":220,\"image\":{\"@id\":\"https:\\\/\\\/masdeserra.cat\\\/blog\\\/calcotades-en-temps-de-covid-si-al-mas-de-serra\\\/#primaryimage\"},\"thumbnailUrl\":\"https:\\\/\\\/masdeserra.cat\\\/blog\\\/wp-content\\\/uploads\\\/2021\\\/02\\\/1365761327_b500.jpg\",\"keywords\":[\"agroturisme\",\"Cal\u00e7otada 2021\"],\"articleSection\":[\"Cal\u00e7otades\"],\"inLanguage\":\"ca\"},{\"@type\":\"WebPage\",\"@id\":\"https:\\\/\\\/masdeserra.cat\\\/blog\\\/calcotades-en-temps-de-covid-si-al-mas-de-serra\\\/\",\"url\":\"https:\\\/\\\/masdeserra.cat\\\/blog\\\/calcotades-en-temps-de-covid-si-al-mas-de-serra\\\/\",\"name\":\"\u00bfCal\u00e7otades en temps de COVID? S\u00ed, al Mas de Serra! - Blog del Mas de Serra.\",\"isPartOf\":{\"@id\":\"https:\\\/\\\/masdeserra.cat\\\/blog\\\/#website\"},\"primaryImageOfPage\":{\"@id\":\"https:\\\/\\\/masdeserra.cat\\\/blog\\\/calcotades-en-temps-de-covid-si-al-mas-de-serra\\\/#primaryimage\"},\"image\":{\"@id\":\"https:\\\/\\\/masdeserra.cat\\\/blog\\\/calcotades-en-temps-de-covid-si-al-mas-de-serra\\\/#primaryimage\"},\"thumbnailUrl\":\"https:\\\/\\\/masdeserra.cat\\\/blog\\\/wp-content\\\/uploads\\\/2021\\\/02\\\/1365761327_b500.jpg\",\"datePublished\":\"2021-02-13T10:33:44+00:00\",\"dateModified\":\"2023-07-27T07:37:02+00:00\",\"author\":{\"@id\":\"https:\\\/\\\/masdeserra.cat\\\/blog\\\/#\\\/schema\\\/person\\\/2ebcedfadfccf124dd85095b936f96da\"},\"breadcrumb\":{\"@id\":\"https:\\\/\\\/masdeserra.cat\\\/blog\\\/calcotades-en-temps-de-covid-si-al-mas-de-serra\\\/#breadcrumb\"},\"inLanguage\":\"ca\",\"potentialAction\":[{\"@type\":\"ReadAction\",\"target\":[\"https:\\\/\\\/masdeserra.cat\\\/blog\\\/calcotades-en-temps-de-covid-si-al-mas-de-serra\\\/\"]}]},{\"@type\":\"ImageObject\",\"inLanguage\":\"ca\",\"@id\":\"https:\\\/\\\/masdeserra.cat\\\/blog\\\/calcotades-en-temps-de-covid-si-al-mas-de-serra\\\/#primaryimage\",\"url\":\"https:\\\/\\\/masdeserra.cat\\\/blog\\\/wp-content\\\/uploads\\\/2021\\\/02\\\/1365761327_b500.jpg\",\"contentUrl\":\"https:\\\/\\\/masdeserra.cat\\\/blog\\\/wp-content\\\/uploads\\\/2021\\\/02\\\/1365761327_b500.jpg\",\"width\":860,\"height\":572,\"caption\":\"Cal\u00e7ota acabats de collir, collita pr\u00f2pia del Mas de Serra per fer les cal\u00e7otades.\"},{\"@type\":\"BreadcrumbList\",\"@id\":\"https:\\\/\\\/masdeserra.cat\\\/blog\\\/calcotades-en-temps-de-covid-si-al-mas-de-serra\\\/#breadcrumb\",\"itemListElement\":[{\"@type\":\"ListItem\",\"position\":1,\"name\":\"Inici\",\"item\":\"https:\\\/\\\/masdeserra.cat\\\/blog\\\/\"},{\"@type\":\"ListItem\",\"position\":2,\"name\":\"\u00bfCal\u00e7otades en temps de COVID? S\u00ed, al Mas de Serra!\"}]},{\"@type\":\"WebSite\",\"@id\":\"https:\\\/\\\/masdeserra.cat\\\/blog\\\/#website\",\"url\":\"https:\\\/\\\/masdeserra.cat\\\/blog\\\/\",\"name\":\"Blog del Mas de Serra.\",\"description\":\"Turisme Rural - Agroturisme - Resid\u00e8ncia Casa de Pag\u00e8s - Cal\u00e7otades\",\"potentialAction\":[{\"@type\":\"SearchAction\",\"target\":{\"@type\":\"EntryPoint\",\"urlTemplate\":\"https:\\\/\\\/masdeserra.cat\\\/blog\\\/?s={search_term_string}\"},\"query-input\":{\"@type\":\"PropertyValueSpecification\",\"valueRequired\":true,\"valueName\":\"search_term_string\"}}],\"inLanguage\":\"ca\"},{\"@type\":\"Person\",\"@id\":\"https:\\\/\\\/masdeserra.cat\\\/blog\\\/#\\\/schema\\\/person\\\/2ebcedfadfccf124dd85095b936f96da\",\"name\":\"Francesc Domingo\",\"sameAs\":[\"http:\\\/\\\/masdeserra.cat\"],\"url\":\"https:\\\/\\\/masdeserra.cat\\\/blog\\\/author\\\/francesc\\\/\"}]}<\/script>\n<!-- \/ Yoast SEO plugin. -->","yoast_head_json":{"title":"\u00bfCal\u00e7otades en temps de COVID? S\u00ed, al Mas de Serra! - Blog del Mas de Serra.","robots":{"index":"index","follow":"follow","max-snippet":"max-snippet:-1","max-image-preview":"max-image-preview:large","max-video-preview":"max-video-preview:-1"},"canonical":"https:\/\/masdeserra.cat\/blog\/calcotades-en-temps-de-covid-si-al-mas-de-serra\/","og_locale":"ca_ES","og_type":"article","og_title":"\u00bfCal\u00e7otades en temps de COVID? S\u00ed, al Mas de Serra! - Blog del Mas de Serra.","og_description":"Hivern de l&#8217;any 2021, \u00e8poca de cal\u00e7otades, aix\u00f2 s\u00ed, amb restriccions per frenar la propagaci\u00f3 de la COVID-19. Per\u00f2 al Mas de Serra ens hem adaptat als requeriments actuals i tenim dues opcions, perqu\u00e8 puguis escollir la que m\u00e9s us interessi i gaudir d&#8217;una estada de cap de setmana d&#8217;una o dues nits i d&#8217;un [&hellip;]","og_url":"https:\/\/masdeserra.cat\/blog\/calcotades-en-temps-de-covid-si-al-mas-de-serra\/","og_site_name":"Blog del Mas de Serra.","article_published_time":"2021-02-13T10:33:44+00:00","article_modified_time":"2023-07-27T07:37:02+00:00","og_image":[{"width":860,"height":572,"url":"https:\/\/masdeserra.cat\/blog\/wp-content\/uploads\/2021\/02\/1365761327_b500.jpg","type":"image\/jpeg"}],"author":"Francesc Domingo","twitter_card":"summary_large_image","twitter_misc":{"Escrit per":"Francesc Domingo","Temps estimat de lectura":"1 minut"},"schema":{"@context":"https:\/\/schema.org","@graph":[{"@type":"Article","@id":"https:\/\/masdeserra.cat\/blog\/calcotades-en-temps-de-covid-si-al-mas-de-serra\/#article","isPartOf":{"@id":"https:\/\/masdeserra.cat\/blog\/calcotades-en-temps-de-covid-si-al-mas-de-serra\/"},"author":{"name":"Francesc Domingo","@id":"https:\/\/masdeserra.cat\/blog\/#\/schema\/person\/2ebcedfadfccf124dd85095b936f96da"},"headline":"\u00bfCal\u00e7otades en temps de COVID? S\u00ed, al Mas de Serra!","datePublished":"2021-02-13T10:33:44+00:00","dateModified":"2023-07-27T07:37:02+00:00","mainEntityOfPage":{"@id":"https:\/\/masdeserra.cat\/blog\/calcotades-en-temps-de-covid-si-al-mas-de-serra\/"},"wordCount":220,"image":{"@id":"https:\/\/masdeserra.cat\/blog\/calcotades-en-temps-de-covid-si-al-mas-de-serra\/#primaryimage"},"thumbnailUrl":"https:\/\/masdeserra.cat\/blog\/wp-content\/uploads\/2021\/02\/1365761327_b500.jpg","keywords":["agroturisme","Cal\u00e7otada 2021"],"articleSection":["Cal\u00e7otades"],"inLanguage":"ca"},{"@type":"WebPage","@id":"https:\/\/masdeserra.cat\/blog\/calcotades-en-temps-de-covid-si-al-mas-de-serra\/","url":"https:\/\/masdeserra.cat\/blog\/calcotades-en-temps-de-covid-si-al-mas-de-serra\/","name":"\u00bfCal\u00e7otades en temps de COVID? S\u00ed, al Mas de Serra! - Blog del Mas de Serra.","isPartOf":{"@id":"https:\/\/masdeserra.cat\/blog\/#website"},"primaryImageOfPage":{"@id":"https:\/\/masdeserra.cat\/blog\/calcotades-en-temps-de-covid-si-al-mas-de-serra\/#primaryimage"},"image":{"@id":"https:\/\/masdeserra.cat\/blog\/calcotades-en-temps-de-covid-si-al-mas-de-serra\/#primaryimage"},"thumbnailUrl":"https:\/\/masdeserra.cat\/blog\/wp-content\/uploads\/2021\/02\/1365761327_b500.jpg","datePublished":"2021-02-13T10:33:44+00:00","dateModified":"2023-07-27T07:37:02+00:00","author":{"@id":"https:\/\/masdeserra.cat\/blog\/#\/schema\/person\/2ebcedfadfccf124dd85095b936f96da"},"breadcrumb":{"@id":"https:\/\/masdeserra.cat\/blog\/calcotades-en-temps-de-covid-si-al-mas-de-serra\/#breadcrumb"},"inLanguage":"ca","potentialAction":[{"@type":"ReadAction","target":["https:\/\/masdeserra.cat\/blog\/calcotades-en-temps-de-covid-si-al-mas-de-serra\/"]}]},{"@type":"ImageObject","inLanguage":"ca","@id":"https:\/\/masdeserra.cat\/blog\/calcotades-en-temps-de-covid-si-al-mas-de-serra\/#primaryimage","url":"https:\/\/masdeserra.cat\/blog\/wp-content\/uploads\/2021\/02\/1365761327_b500.jpg","contentUrl":"https:\/\/masdeserra.cat\/blog\/wp-content\/uploads\/2021\/02\/1365761327_b500.jpg","width":860,"height":572,"caption":"Cal\u00e7ota acabats de collir, collita pr\u00f2pia del Mas de Serra per fer les cal\u00e7otades."},{"@type":"BreadcrumbList","@id":"https:\/\/masdeserra.cat\/blog\/calcotades-en-temps-de-covid-si-al-mas-de-serra\/#breadcrumb","itemListElement":[{"@type":"ListItem","position":1,"name":"Inici","item":"https:\/\/masdeserra.cat\/blog\/"},{"@type":"ListItem","position":2,"name":"\u00bfCal\u00e7otades en temps de COVID? S\u00ed, al Mas de Serra!"}]},{"@type":"WebSite","@id":"https:\/\/masdeserra.cat\/blog\/#website","url":"https:\/\/masdeserra.cat\/blog\/","name":"Blog del Mas de Serra.","description":"Turisme Rural - Agroturisme - Resid\u00e8ncia Casa de Pag\u00e8s - Cal\u00e7otades","potentialAction":[{"@type":"SearchAction","target":{"@type":"EntryPoint","urlTemplate":"https:\/\/masdeserra.cat\/blog\/?s={search_term_string}"},"query-input":{"@type":"PropertyValueSpecification","valueRequired":true,"valueName":"search_term_string"}}],"inLanguage":"ca"},{"@type":"Person","@id":"https:\/\/masdeserra.cat\/blog\/#\/schema\/person\/2ebcedfadfccf124dd85095b936f96da","name":"Francesc Domingo","sameAs":["http:\/\/masdeserra.cat"],"url":"https:\/\/masdeserra.cat\/blog\/author\/francesc\/"}]}},"_links":{"self":[{"href":"https:\/\/masdeserra.cat\/blog\/wp-json\/wp\/v2\/posts\/187","targetHints":{"allow":["GET"]}}],"collection":[{"href":"https:\/\/masdeserra.cat\/blog\/wp-json\/wp\/v2\/posts"}],"about":[{"href":"https:\/\/masdeserra.cat\/blog\/wp-json\/wp\/v2\/types\/post"}],"author":[{"embeddable":true,"href":"https:\/\/masdeserra.cat\/blog\/wp-json\/wp\/v2\/users\/1"}],"replies":[{"embeddable":true,"href":"https:\/\/masdeserra.cat\/blog\/wp-json\/wp\/v2\/comments?post=187"}],"version-history":[{"count":2,"href":"https:\/\/masdeserra.cat\/blog\/wp-json\/wp\/v2\/posts\/187\/revisions"}],"predecessor-version":[{"id":190,"href":"https:\/\/masdeserra.cat\/blog\/wp-json\/wp\/v2\/posts\/187\/revisions\/190"}],"wp:featuredmedia":[{"embeddable":true,"href":"https:\/\/masdeserra.cat\/blog\/wp-json\/wp\/v2\/media\/188"}],"wp:attachment":[{"href":"https:\/\/masdeserra.cat\/blog\/wp-json\/wp\/v2\/media?parent=187"}],"wp:term":[{"taxonomy":"category","embeddable":true,"href":"https:\/\/masdeserra.cat\/blog\/wp-json\/wp\/v2\/categories?post=187"},{"taxonomy":"post_tag","embeddable":true,"href":"https:\/\/masdeserra.cat\/blog\/wp-json\/wp\/v2\/tags?post=187"}],"curies":[{"name":"wp","href":"https:\/\/api.w.org\/{rel}","templated":true}]}}