{"id":246,"date":"2023-07-28T10:21:00","date_gmt":"2023-07-28T08:21:00","guid":{"rendered":"https:\/\/masdeserra.cat\/blog\/?p=246"},"modified":"2023-07-28T10:22:09","modified_gmt":"2023-07-28T08:22:09","slug":"refrescat-aquest-estiu-a-la-piscina-del-mas-de-serra","status":"publish","type":"post","link":"https:\/\/masdeserra.cat\/blog\/refrescat-aquest-estiu-a-la-piscina-del-mas-de-serra\/","title":{"rendered":"Refresca&#8217;t aquest estiu a la piscina del Mas de Serra"},"content":{"rendered":"\n<p>Benvinguts de nou al blog del Mas de Serra! Avui tenim una not\u00edcia molt refrescant per a tots vosaltres: la nostra piscina ja est\u00e0 en perfectes condicions per a aquesta temporada d&#8217;estiu.<\/p>\n\n\n\n<p>Situada en un entorn natural, la piscina del Mas de Serra \u00e9s l&#8217;indret perfecte per a refrescar-se durant aquests dies calorosos d&#8217;estiu. Aquesta antiga bassa, que es feia servir per a regar els avellaners i les hortalisses, ha estat transformada en una piscina amb una depuradora que mant\u00e9 l&#8217;aigua fresca i transparent.<\/p>\n\n\n\n<p>Ara que el mas disposa d&#8217;una bassa immensa per a l&#8217;irrigaci\u00f3, hem adaptat aquesta antiga bassa per a l&#8217;\u00fas com a piscina per els nostres clients, conservant el seu encant r\u00fastic i la seva bellesa natural. \u00c9s un lloc ideal per a relaxar-se, nedar o simplement gaudir de l&#8217;entorn tranquil.<\/p>\n\n\n\n<figure class=\"wp-block-image size-large\"><img loading=\"lazy\" decoding=\"async\" width=\"1024\" height=\"576\" src=\"https:\/\/masdeserra.cat\/blog\/wp-content\/uploads\/2023\/07\/IMG_20230622_181235_piscina_mas_de_serra_copyright_Francesc_Domingo-1024x576.jpg\" alt=\"\" class=\"wp-image-248\" srcset=\"https:\/\/masdeserra.cat\/blog\/wp-content\/uploads\/2023\/07\/IMG_20230622_181235_piscina_mas_de_serra_copyright_Francesc_Domingo-1024x576.jpg 1024w, https:\/\/masdeserra.cat\/blog\/wp-content\/uploads\/2023\/07\/IMG_20230622_181235_piscina_mas_de_serra_copyright_Francesc_Domingo-640x360.jpg 640w, https:\/\/masdeserra.cat\/blog\/wp-content\/uploads\/2023\/07\/IMG_20230622_181235_piscina_mas_de_serra_copyright_Francesc_Domingo-768x432.jpg 768w, https:\/\/masdeserra.cat\/blog\/wp-content\/uploads\/2023\/07\/IMG_20230622_181235_piscina_mas_de_serra_copyright_Francesc_Domingo-1536x864.jpg 1536w, https:\/\/masdeserra.cat\/blog\/wp-content\/uploads\/2023\/07\/IMG_20230622_181235_piscina_mas_de_serra_copyright_Francesc_Domingo-2048x1152.jpg 2048w, https:\/\/masdeserra.cat\/blog\/wp-content\/uploads\/2023\/07\/IMG_20230622_181235_piscina_mas_de_serra_copyright_Francesc_Domingo-624x351.jpg 624w\" sizes=\"auto, (max-width: 1024px) 100vw, 1024px\" \/><\/figure>\n\n\n\n<p>Des del Mas de Serra, us convidem a venir i gaudir de la nostra piscina durant la vostra estan\u00e7a aquest estiu. No hi ha res millor que un bany refrescant despr\u00e9s d&#8217;un dia d&#8217;exploraci\u00f3 per les nostres comarques. I despr\u00e9s, podeu relaxar-vos a l&#8217;ombra dels nostres arbres a la zona del voltant amb cadires i hamaca.<\/p>\n\n\n\n<p>Estem compromesos a oferir una experi\u00e8ncia de turisme rural de qualitat, i la nostra piscina \u00e9s una part important d&#8217;aquesta experi\u00e8ncia. Esperem que vingueu a gaudir-la aquest estiu!<\/p>\n","protected":false},"excerpt":{"rendered":"<p>Benvinguts de nou al blog del Mas de Serra! Avui tenim una not\u00edcia molt refrescant per a tots vosaltres: la nostra piscina ja est\u00e0 en perfectes condicions per a aquesta temporada d&#8217;estiu. Situada en un entorn natural, la piscina del Mas de Serra \u00e9s l&#8217;indret perfecte per a refrescar-se durant aquests dies calorosos d&#8217;estiu. Aquesta [&hellip;]<\/p>\n","protected":false},"author":1,"featured_media":247,"comment_status":"closed","ping_status":"closed","sticky":false,"template":"","format":"standard","meta":{"footnotes":""},"categories":[8],"tags":[62],"class_list":["post-246","post","type-post","status-publish","format-standard","has-post-thumbnail","hentry","category-mas","tag-piscina"],"yoast_head":"<!-- This site is optimized with the Yoast SEO plugin v27.3 - https:\/\/yoast.com\/product\/yoast-seo-wordpress\/ -->\n<title>Refresca&#039;t aquest estiu a la piscina del Mas de Serra - Blog del Mas de Serra.<\/title>\n<meta name=\"robots\" content=\"index, follow, max-snippet:-1, max-image-preview:large, max-video-preview:-1\" \/>\n<link rel=\"canonical\" href=\"https:\/\/masdeserra.cat\/blog\/refrescat-aquest-estiu-a-la-piscina-del-mas-de-serra\/\" \/>\n<meta property=\"og:locale\" content=\"ca_ES\" \/>\n<meta property=\"og:type\" content=\"article\" \/>\n<meta property=\"og:title\" content=\"Refresca&#039;t aquest estiu a la piscina del Mas de Serra - Blog del Mas de Serra.\" \/>\n<meta property=\"og:description\" content=\"Benvinguts de nou al blog del Mas de Serra! Avui tenim una not\u00edcia molt refrescant per a tots vosaltres: la nostra piscina ja est\u00e0 en perfectes condicions per a aquesta temporada d&#8217;estiu. Situada en un entorn natural, la piscina del Mas de Serra \u00e9s l&#8217;indret perfecte per a refrescar-se durant aquests dies calorosos d&#8217;estiu. Aquesta [&hellip;]\" \/>\n<meta property=\"og:url\" content=\"https:\/\/masdeserra.cat\/blog\/refrescat-aquest-estiu-a-la-piscina-del-mas-de-serra\/\" \/>\n<meta property=\"og:site_name\" content=\"Blog del Mas de Serra.\" \/>\n<meta property=\"article:published_time\" content=\"2023-07-28T08:21:00+00:00\" \/>\n<meta property=\"article:modified_time\" content=\"2023-07-28T08:22:09+00:00\" \/>\n<meta property=\"og:image\" content=\"https:\/\/masdeserra.cat\/blog\/wp-content\/uploads\/2023\/07\/IMG_20230622_180809_piscina_mas_de_serra_copyright_Francesc_Domingo-scaled.jpg\" \/>\n\t<meta property=\"og:image:width\" content=\"2560\" \/>\n\t<meta property=\"og:image:height\" content=\"1440\" \/>\n\t<meta property=\"og:image:type\" content=\"image\/jpeg\" \/>\n<meta name=\"author\" content=\"Francesc Domingo\" \/>\n<meta name=\"twitter:card\" content=\"summary_large_image\" \/>\n<meta name=\"twitter:label1\" content=\"Escrit per\" \/>\n\t<meta name=\"twitter:data1\" content=\"Francesc Domingo\" \/>\n\t<meta name=\"twitter:label2\" content=\"Temps estimat de lectura\" \/>\n\t<meta name=\"twitter:data2\" content=\"2 minuts\" \/>\n<script type=\"application\/ld+json\" class=\"yoast-schema-graph\">{\"@context\":\"https:\\\/\\\/schema.org\",\"@graph\":[{\"@type\":\"Article\",\"@id\":\"https:\\\/\\\/masdeserra.cat\\\/blog\\\/refrescat-aquest-estiu-a-la-piscina-del-mas-de-serra\\\/#article\",\"isPartOf\":{\"@id\":\"https:\\\/\\\/masdeserra.cat\\\/blog\\\/refrescat-aquest-estiu-a-la-piscina-del-mas-de-serra\\\/\"},\"author\":{\"name\":\"Francesc Domingo\",\"@id\":\"https:\\\/\\\/masdeserra.cat\\\/blog\\\/#\\\/schema\\\/person\\\/2ebcedfadfccf124dd85095b936f96da\"},\"headline\":\"Refresca&#8217;t aquest estiu a la piscina del Mas de Serra\",\"datePublished\":\"2023-07-28T08:21:00+00:00\",\"dateModified\":\"2023-07-28T08:22:09+00:00\",\"mainEntityOfPage\":{\"@id\":\"https:\\\/\\\/masdeserra.cat\\\/blog\\\/refrescat-aquest-estiu-a-la-piscina-del-mas-de-serra\\\/\"},\"wordCount\":248,\"image\":{\"@id\":\"https:\\\/\\\/masdeserra.cat\\\/blog\\\/refrescat-aquest-estiu-a-la-piscina-del-mas-de-serra\\\/#primaryimage\"},\"thumbnailUrl\":\"https:\\\/\\\/masdeserra.cat\\\/blog\\\/wp-content\\\/uploads\\\/2023\\\/07\\\/IMG_20230622_180809_piscina_mas_de_serra_copyright_Francesc_Domingo-scaled.jpg\",\"keywords\":[\"Piscina\"],\"articleSection\":[\"Mas\"],\"inLanguage\":\"ca\"},{\"@type\":\"WebPage\",\"@id\":\"https:\\\/\\\/masdeserra.cat\\\/blog\\\/refrescat-aquest-estiu-a-la-piscina-del-mas-de-serra\\\/\",\"url\":\"https:\\\/\\\/masdeserra.cat\\\/blog\\\/refrescat-aquest-estiu-a-la-piscina-del-mas-de-serra\\\/\",\"name\":\"Refresca't aquest estiu a la piscina del Mas de Serra - Blog del Mas de Serra.\",\"isPartOf\":{\"@id\":\"https:\\\/\\\/masdeserra.cat\\\/blog\\\/#website\"},\"primaryImageOfPage\":{\"@id\":\"https:\\\/\\\/masdeserra.cat\\\/blog\\\/refrescat-aquest-estiu-a-la-piscina-del-mas-de-serra\\\/#primaryimage\"},\"image\":{\"@id\":\"https:\\\/\\\/masdeserra.cat\\\/blog\\\/refrescat-aquest-estiu-a-la-piscina-del-mas-de-serra\\\/#primaryimage\"},\"thumbnailUrl\":\"https:\\\/\\\/masdeserra.cat\\\/blog\\\/wp-content\\\/uploads\\\/2023\\\/07\\\/IMG_20230622_180809_piscina_mas_de_serra_copyright_Francesc_Domingo-scaled.jpg\",\"datePublished\":\"2023-07-28T08:21:00+00:00\",\"dateModified\":\"2023-07-28T08:22:09+00:00\",\"author\":{\"@id\":\"https:\\\/\\\/masdeserra.cat\\\/blog\\\/#\\\/schema\\\/person\\\/2ebcedfadfccf124dd85095b936f96da\"},\"breadcrumb\":{\"@id\":\"https:\\\/\\\/masdeserra.cat\\\/blog\\\/refrescat-aquest-estiu-a-la-piscina-del-mas-de-serra\\\/#breadcrumb\"},\"inLanguage\":\"ca\",\"potentialAction\":[{\"@type\":\"ReadAction\",\"target\":[\"https:\\\/\\\/masdeserra.cat\\\/blog\\\/refrescat-aquest-estiu-a-la-piscina-del-mas-de-serra\\\/\"]}]},{\"@type\":\"ImageObject\",\"inLanguage\":\"ca\",\"@id\":\"https:\\\/\\\/masdeserra.cat\\\/blog\\\/refrescat-aquest-estiu-a-la-piscina-del-mas-de-serra\\\/#primaryimage\",\"url\":\"https:\\\/\\\/masdeserra.cat\\\/blog\\\/wp-content\\\/uploads\\\/2023\\\/07\\\/IMG_20230622_180809_piscina_mas_de_serra_copyright_Francesc_Domingo-scaled.jpg\",\"contentUrl\":\"https:\\\/\\\/masdeserra.cat\\\/blog\\\/wp-content\\\/uploads\\\/2023\\\/07\\\/IMG_20230622_180809_piscina_mas_de_serra_copyright_Francesc_Domingo-scaled.jpg\",\"width\":2560,\"height\":1440,\"caption\":\"Piscina Mas de Serra\"},{\"@type\":\"BreadcrumbList\",\"@id\":\"https:\\\/\\\/masdeserra.cat\\\/blog\\\/refrescat-aquest-estiu-a-la-piscina-del-mas-de-serra\\\/#breadcrumb\",\"itemListElement\":[{\"@type\":\"ListItem\",\"position\":1,\"name\":\"Inici\",\"item\":\"https:\\\/\\\/masdeserra.cat\\\/blog\\\/\"},{\"@type\":\"ListItem\",\"position\":2,\"name\":\"Refresca&#8217;t aquest estiu a la piscina del Mas de Serra\"}]},{\"@type\":\"WebSite\",\"@id\":\"https:\\\/\\\/masdeserra.cat\\\/blog\\\/#website\",\"url\":\"https:\\\/\\\/masdeserra.cat\\\/blog\\\/\",\"name\":\"Blog del Mas de Serra.\",\"description\":\"Turisme Rural - Agroturisme - Resid\u00e8ncia Casa de Pag\u00e8s - Cal\u00e7otades\",\"potentialAction\":[{\"@type\":\"SearchAction\",\"target\":{\"@type\":\"EntryPoint\",\"urlTemplate\":\"https:\\\/\\\/masdeserra.cat\\\/blog\\\/?s={search_term_string}\"},\"query-input\":{\"@type\":\"PropertyValueSpecification\",\"valueRequired\":true,\"valueName\":\"search_term_string\"}}],\"inLanguage\":\"ca\"},{\"@type\":\"Person\",\"@id\":\"https:\\\/\\\/masdeserra.cat\\\/blog\\\/#\\\/schema\\\/person\\\/2ebcedfadfccf124dd85095b936f96da\",\"name\":\"Francesc Domingo\",\"sameAs\":[\"http:\\\/\\\/masdeserra.cat\"],\"url\":\"https:\\\/\\\/masdeserra.cat\\\/blog\\\/author\\\/francesc\\\/\"}]}<\/script>\n<!-- \/ Yoast SEO plugin. -->","yoast_head_json":{"title":"Refresca't aquest estiu a la piscina del Mas de Serra - Blog del Mas de Serra.","robots":{"index":"index","follow":"follow","max-snippet":"max-snippet:-1","max-image-preview":"max-image-preview:large","max-video-preview":"max-video-preview:-1"},"canonical":"https:\/\/masdeserra.cat\/blog\/refrescat-aquest-estiu-a-la-piscina-del-mas-de-serra\/","og_locale":"ca_ES","og_type":"article","og_title":"Refresca't aquest estiu a la piscina del Mas de Serra - Blog del Mas de Serra.","og_description":"Benvinguts de nou al blog del Mas de Serra! Avui tenim una not\u00edcia molt refrescant per a tots vosaltres: la nostra piscina ja est\u00e0 en perfectes condicions per a aquesta temporada d&#8217;estiu. Situada en un entorn natural, la piscina del Mas de Serra \u00e9s l&#8217;indret perfecte per a refrescar-se durant aquests dies calorosos d&#8217;estiu. Aquesta [&hellip;]","og_url":"https:\/\/masdeserra.cat\/blog\/refrescat-aquest-estiu-a-la-piscina-del-mas-de-serra\/","og_site_name":"Blog del Mas de Serra.","article_published_time":"2023-07-28T08:21:00+00:00","article_modified_time":"2023-07-28T08:22:09+00:00","og_image":[{"width":2560,"height":1440,"url":"https:\/\/masdeserra.cat\/blog\/wp-content\/uploads\/2023\/07\/IMG_20230622_180809_piscina_mas_de_serra_copyright_Francesc_Domingo-scaled.jpg","type":"image\/jpeg"}],"author":"Francesc Domingo","twitter_card":"summary_large_image","twitter_misc":{"Escrit per":"Francesc Domingo","Temps estimat de lectura":"2 minuts"},"schema":{"@context":"https:\/\/schema.org","@graph":[{"@type":"Article","@id":"https:\/\/masdeserra.cat\/blog\/refrescat-aquest-estiu-a-la-piscina-del-mas-de-serra\/#article","isPartOf":{"@id":"https:\/\/masdeserra.cat\/blog\/refrescat-aquest-estiu-a-la-piscina-del-mas-de-serra\/"},"author":{"name":"Francesc Domingo","@id":"https:\/\/masdeserra.cat\/blog\/#\/schema\/person\/2ebcedfadfccf124dd85095b936f96da"},"headline":"Refresca&#8217;t aquest estiu a la piscina del Mas de Serra","datePublished":"2023-07-28T08:21:00+00:00","dateModified":"2023-07-28T08:22:09+00:00","mainEntityOfPage":{"@id":"https:\/\/masdeserra.cat\/blog\/refrescat-aquest-estiu-a-la-piscina-del-mas-de-serra\/"},"wordCount":248,"image":{"@id":"https:\/\/masdeserra.cat\/blog\/refrescat-aquest-estiu-a-la-piscina-del-mas-de-serra\/#primaryimage"},"thumbnailUrl":"https:\/\/masdeserra.cat\/blog\/wp-content\/uploads\/2023\/07\/IMG_20230622_180809_piscina_mas_de_serra_copyright_Francesc_Domingo-scaled.jpg","keywords":["Piscina"],"articleSection":["Mas"],"inLanguage":"ca"},{"@type":"WebPage","@id":"https:\/\/masdeserra.cat\/blog\/refrescat-aquest-estiu-a-la-piscina-del-mas-de-serra\/","url":"https:\/\/masdeserra.cat\/blog\/refrescat-aquest-estiu-a-la-piscina-del-mas-de-serra\/","name":"Refresca't aquest estiu a la piscina del Mas de Serra - Blog del Mas de Serra.","isPartOf":{"@id":"https:\/\/masdeserra.cat\/blog\/#website"},"primaryImageOfPage":{"@id":"https:\/\/masdeserra.cat\/blog\/refrescat-aquest-estiu-a-la-piscina-del-mas-de-serra\/#primaryimage"},"image":{"@id":"https:\/\/masdeserra.cat\/blog\/refrescat-aquest-estiu-a-la-piscina-del-mas-de-serra\/#primaryimage"},"thumbnailUrl":"https:\/\/masdeserra.cat\/blog\/wp-content\/uploads\/2023\/07\/IMG_20230622_180809_piscina_mas_de_serra_copyright_Francesc_Domingo-scaled.jpg","datePublished":"2023-07-28T08:21:00+00:00","dateModified":"2023-07-28T08:22:09+00:00","author":{"@id":"https:\/\/masdeserra.cat\/blog\/#\/schema\/person\/2ebcedfadfccf124dd85095b936f96da"},"breadcrumb":{"@id":"https:\/\/masdeserra.cat\/blog\/refrescat-aquest-estiu-a-la-piscina-del-mas-de-serra\/#breadcrumb"},"inLanguage":"ca","potentialAction":[{"@type":"ReadAction","target":["https:\/\/masdeserra.cat\/blog\/refrescat-aquest-estiu-a-la-piscina-del-mas-de-serra\/"]}]},{"@type":"ImageObject","inLanguage":"ca","@id":"https:\/\/masdeserra.cat\/blog\/refrescat-aquest-estiu-a-la-piscina-del-mas-de-serra\/#primaryimage","url":"https:\/\/masdeserra.cat\/blog\/wp-content\/uploads\/2023\/07\/IMG_20230622_180809_piscina_mas_de_serra_copyright_Francesc_Domingo-scaled.jpg","contentUrl":"https:\/\/masdeserra.cat\/blog\/wp-content\/uploads\/2023\/07\/IMG_20230622_180809_piscina_mas_de_serra_copyright_Francesc_Domingo-scaled.jpg","width":2560,"height":1440,"caption":"Piscina Mas de Serra"},{"@type":"BreadcrumbList","@id":"https:\/\/masdeserra.cat\/blog\/refrescat-aquest-estiu-a-la-piscina-del-mas-de-serra\/#breadcrumb","itemListElement":[{"@type":"ListItem","position":1,"name":"Inici","item":"https:\/\/masdeserra.cat\/blog\/"},{"@type":"ListItem","position":2,"name":"Refresca&#8217;t aquest estiu a la piscina del Mas de Serra"}]},{"@type":"WebSite","@id":"https:\/\/masdeserra.cat\/blog\/#website","url":"https:\/\/masdeserra.cat\/blog\/","name":"Blog del Mas de Serra.","description":"Turisme Rural - Agroturisme - Resid\u00e8ncia Casa de Pag\u00e8s - Cal\u00e7otades","potentialAction":[{"@type":"SearchAction","target":{"@type":"EntryPoint","urlTemplate":"https:\/\/masdeserra.cat\/blog\/?s={search_term_string}"},"query-input":{"@type":"PropertyValueSpecification","valueRequired":true,"valueName":"search_term_string"}}],"inLanguage":"ca"},{"@type":"Person","@id":"https:\/\/masdeserra.cat\/blog\/#\/schema\/person\/2ebcedfadfccf124dd85095b936f96da","name":"Francesc Domingo","sameAs":["http:\/\/masdeserra.cat"],"url":"https:\/\/masdeserra.cat\/blog\/author\/francesc\/"}]}},"_links":{"self":[{"href":"https:\/\/masdeserra.cat\/blog\/wp-json\/wp\/v2\/posts\/246","targetHints":{"allow":["GET"]}}],"collection":[{"href":"https:\/\/masdeserra.cat\/blog\/wp-json\/wp\/v2\/posts"}],"about":[{"href":"https:\/\/masdeserra.cat\/blog\/wp-json\/wp\/v2\/types\/post"}],"author":[{"embeddable":true,"href":"https:\/\/masdeserra.cat\/blog\/wp-json\/wp\/v2\/users\/1"}],"replies":[{"embeddable":true,"href":"https:\/\/masdeserra.cat\/blog\/wp-json\/wp\/v2\/comments?post=246"}],"version-history":[{"count":1,"href":"https:\/\/masdeserra.cat\/blog\/wp-json\/wp\/v2\/posts\/246\/revisions"}],"predecessor-version":[{"id":249,"href":"https:\/\/masdeserra.cat\/blog\/wp-json\/wp\/v2\/posts\/246\/revisions\/249"}],"wp:featuredmedia":[{"embeddable":true,"href":"https:\/\/masdeserra.cat\/blog\/wp-json\/wp\/v2\/media\/247"}],"wp:attachment":[{"href":"https:\/\/masdeserra.cat\/blog\/wp-json\/wp\/v2\/media?parent=246"}],"wp:term":[{"taxonomy":"category","embeddable":true,"href":"https:\/\/masdeserra.cat\/blog\/wp-json\/wp\/v2\/categories?post=246"},{"taxonomy":"post_tag","embeddable":true,"href":"https:\/\/masdeserra.cat\/blog\/wp-json\/wp\/v2\/tags?post=246"}],"curies":[{"name":"wp","href":"https:\/\/api.w.org\/{rel}","templated":true}]}}