{"id":97,"date":"2013-12-17T02:18:13","date_gmt":"2013-12-17T02:18:13","guid":{"rendered":"http:\/\/masdeserra.cat\/blog\/?p=97"},"modified":"2023-07-27T09:37:02","modified_gmt":"2023-07-27T07:37:02","slug":"ja-ha-comencat-la-temporada-de-les-calcotades-20132014","status":"publish","type":"post","link":"https:\/\/masdeserra.cat\/blog\/ja-ha-comencat-la-temporada-de-les-calcotades-20132014\/","title":{"rendered":"Ja ha comen\u00e7at la temporada de les cal\u00e7otades 2013\/2014"},"content":{"rendered":"<p>Amb l&#8217;arribada de l&#8217;hivern ja ha comen\u00e7at la temporada de cal\u00e7otades 2013 \/ 2014<\/p>\n<p>Els cal\u00e7ots de collita pr\u00f2pia ja estan a punt per aquest inici de temporada i tot preparat per oferir les tradicionals cal\u00e7otades amb la salsa romesco casolana.<\/p>\n<p>Pot sol\u00b7licitar m\u00e9s informaci\u00f3 mitjan\u00e7ant el formulari de la web: <a href=\"http:\/\/masdeserra.cat\/contacte.php\" title=\"Formulari de Sol\u00b7licitud d'informaci\u00f3\"><strong>Formulari de Sol\u00b7licitud d&#8217;informaci\u00f3<\/strong><\/a> o trucant a l&#8217;\u00c0ngels al tel\u00e8fon: <strong>977 269 065<\/strong><\/p>\n<div id=\"attachment_98\" style=\"width: 638px\" class=\"wp-caption aligncenter\"><img loading=\"lazy\" decoding=\"async\" aria-describedby=\"caption-attachment-98\" src=\"https:\/\/masdeserra.cat\/blog\/wp-content\/uploads\/2013\/12\/DSC_1203_cal2013_2014_01_r01.jpg\" alt=\"Cal\u00e7ots de collita pr\u00f2pia\" width=\"628\" height=\"353\" class=\"size-full wp-image-98\" \/><p id=\"caption-attachment-98\" class=\"wp-caption-text\">Els cal\u00e7ots de collita pr\u00f2pia es cullen el mateix dia de la cal\u00e7otada.<\/p><\/div>\n","protected":false},"excerpt":{"rendered":"<p>Amb l&#8217;arribada de l&#8217;hivern ja ha comen\u00e7at la temporada de cal\u00e7otades 2013 \/ 2014 Els cal\u00e7ots de collita pr\u00f2pia ja estan a punt per aquest inici de temporada i tot preparat per oferir les tradicionals cal\u00e7otades amb la salsa romesco casolana. Pot sol\u00b7licitar m\u00e9s informaci\u00f3 mitjan\u00e7ant el formulari de la web: Formulari de Sol\u00b7licitud d&#8217;informaci\u00f3 [&hellip;]<\/p>\n","protected":false},"author":1,"featured_media":0,"comment_status":"closed","ping_status":"closed","sticky":false,"template":"","format":"standard","meta":{"footnotes":""},"categories":[12,1],"tags":[19,13,14,22,20,16,17,15,23,18,21],"class_list":["post-97","post","type-post","status-publish","format-standard","hentry","category-calcotades","category-general","tag-bon-preu","tag-calcotades-2","tag-calcots","tag-casa-de-pages","tag-casa-rural","tag-casola","tag-casolana","tag-romesco","tag-rural","tag-tradicional","tag-turisme-rural"],"yoast_head":"<!-- This site is optimized with the Yoast SEO plugin v27.3 - https:\/\/yoast.com\/product\/yoast-seo-wordpress\/ -->\n<title>Ja ha comen\u00e7at la temporada de les cal\u00e7otades 2013\/2014 - Blog del Mas de Serra.<\/title>\n<meta name=\"robots\" content=\"index, follow, max-snippet:-1, max-image-preview:large, max-video-preview:-1\" \/>\n<link rel=\"canonical\" href=\"https:\/\/masdeserra.cat\/blog\/ja-ha-comencat-la-temporada-de-les-calcotades-20132014\/\" \/>\n<meta property=\"og:locale\" content=\"ca_ES\" \/>\n<meta property=\"og:type\" content=\"article\" \/>\n<meta property=\"og:title\" content=\"Ja ha comen\u00e7at la temporada de les cal\u00e7otades 2013\/2014 - Blog del Mas de Serra.\" \/>\n<meta property=\"og:description\" content=\"Amb l&#8217;arribada de l&#8217;hivern ja ha comen\u00e7at la temporada de cal\u00e7otades 2013 \/ 2014 Els cal\u00e7ots de collita pr\u00f2pia ja estan a punt per aquest inici de temporada i tot preparat per oferir les tradicionals cal\u00e7otades amb la salsa romesco casolana. Pot sol\u00b7licitar m\u00e9s informaci\u00f3 mitjan\u00e7ant el formulari de la web: Formulari de Sol\u00b7licitud d&#8217;informaci\u00f3 [&hellip;]\" \/>\n<meta property=\"og:url\" content=\"https:\/\/masdeserra.cat\/blog\/ja-ha-comencat-la-temporada-de-les-calcotades-20132014\/\" \/>\n<meta property=\"og:site_name\" content=\"Blog del Mas de Serra.\" \/>\n<meta property=\"article:published_time\" content=\"2013-12-17T02:18:13+00:00\" \/>\n<meta property=\"article:modified_time\" content=\"2023-07-27T07:37:02+00:00\" \/>\n<meta property=\"og:image\" content=\"https:\/\/masdeserra.cat\/blog\/wp-content\/uploads\/2013\/12\/DSC_1203_cal2013_2014_01_r01.jpg\" \/>\n<meta name=\"author\" content=\"Francesc Domingo\" \/>\n<meta name=\"twitter:card\" content=\"summary_large_image\" \/>\n<meta name=\"twitter:label1\" content=\"Escrit per\" \/>\n\t<meta name=\"twitter:data1\" content=\"Francesc Domingo\" \/>\n<script type=\"application\/ld+json\" class=\"yoast-schema-graph\">{\"@context\":\"https:\\\/\\\/schema.org\",\"@graph\":[{\"@type\":\"Article\",\"@id\":\"https:\\\/\\\/masdeserra.cat\\\/blog\\\/ja-ha-comencat-la-temporada-de-les-calcotades-20132014\\\/#article\",\"isPartOf\":{\"@id\":\"https:\\\/\\\/masdeserra.cat\\\/blog\\\/ja-ha-comencat-la-temporada-de-les-calcotades-20132014\\\/\"},\"author\":{\"name\":\"Francesc Domingo\",\"@id\":\"https:\\\/\\\/masdeserra.cat\\\/blog\\\/#\\\/schema\\\/person\\\/2ebcedfadfccf124dd85095b936f96da\"},\"headline\":\"Ja ha comen\u00e7at la temporada de les cal\u00e7otades 2013\\\/2014\",\"datePublished\":\"2013-12-17T02:18:13+00:00\",\"dateModified\":\"2023-07-27T07:37:02+00:00\",\"mainEntityOfPage\":{\"@id\":\"https:\\\/\\\/masdeserra.cat\\\/blog\\\/ja-ha-comencat-la-temporada-de-les-calcotades-20132014\\\/\"},\"wordCount\":105,\"image\":{\"@id\":\"https:\\\/\\\/masdeserra.cat\\\/blog\\\/ja-ha-comencat-la-temporada-de-les-calcotades-20132014\\\/#primaryimage\"},\"thumbnailUrl\":\"https:\\\/\\\/masdeserra.cat\\\/blog\\\/wp-content\\\/uploads\\\/2013\\\/12\\\/DSC_1203_cal2013_2014_01_r01.jpg\",\"keywords\":[\"bon preu\",\"cal\u00e7otades\",\"cal\u00e7ots\",\"casa de pag\u00e8s\",\"casa rural\",\"casol\u00e0\",\"casolana\",\"romesco\",\"rural\",\"tradicional\",\"turisme rural\"],\"articleSection\":[\"Cal\u00e7otades\",\"General\"],\"inLanguage\":\"ca\"},{\"@type\":\"WebPage\",\"@id\":\"https:\\\/\\\/masdeserra.cat\\\/blog\\\/ja-ha-comencat-la-temporada-de-les-calcotades-20132014\\\/\",\"url\":\"https:\\\/\\\/masdeserra.cat\\\/blog\\\/ja-ha-comencat-la-temporada-de-les-calcotades-20132014\\\/\",\"name\":\"Ja ha comen\u00e7at la temporada de les cal\u00e7otades 2013\\\/2014 - Blog del Mas de Serra.\",\"isPartOf\":{\"@id\":\"https:\\\/\\\/masdeserra.cat\\\/blog\\\/#website\"},\"primaryImageOfPage\":{\"@id\":\"https:\\\/\\\/masdeserra.cat\\\/blog\\\/ja-ha-comencat-la-temporada-de-les-calcotades-20132014\\\/#primaryimage\"},\"image\":{\"@id\":\"https:\\\/\\\/masdeserra.cat\\\/blog\\\/ja-ha-comencat-la-temporada-de-les-calcotades-20132014\\\/#primaryimage\"},\"thumbnailUrl\":\"https:\\\/\\\/masdeserra.cat\\\/blog\\\/wp-content\\\/uploads\\\/2013\\\/12\\\/DSC_1203_cal2013_2014_01_r01.jpg\",\"datePublished\":\"2013-12-17T02:18:13+00:00\",\"dateModified\":\"2023-07-27T07:37:02+00:00\",\"author\":{\"@id\":\"https:\\\/\\\/masdeserra.cat\\\/blog\\\/#\\\/schema\\\/person\\\/2ebcedfadfccf124dd85095b936f96da\"},\"breadcrumb\":{\"@id\":\"https:\\\/\\\/masdeserra.cat\\\/blog\\\/ja-ha-comencat-la-temporada-de-les-calcotades-20132014\\\/#breadcrumb\"},\"inLanguage\":\"ca\",\"potentialAction\":[{\"@type\":\"ReadAction\",\"target\":[\"https:\\\/\\\/masdeserra.cat\\\/blog\\\/ja-ha-comencat-la-temporada-de-les-calcotades-20132014\\\/\"]}]},{\"@type\":\"ImageObject\",\"inLanguage\":\"ca\",\"@id\":\"https:\\\/\\\/masdeserra.cat\\\/blog\\\/ja-ha-comencat-la-temporada-de-les-calcotades-20132014\\\/#primaryimage\",\"url\":\"https:\\\/\\\/masdeserra.cat\\\/blog\\\/wp-content\\\/uploads\\\/2013\\\/12\\\/DSC_1203_cal2013_2014_01_r01.jpg\",\"contentUrl\":\"https:\\\/\\\/masdeserra.cat\\\/blog\\\/wp-content\\\/uploads\\\/2013\\\/12\\\/DSC_1203_cal2013_2014_01_r01.jpg\",\"width\":628,\"height\":353,\"caption\":\"Els cal\u00e7ots de collita pr\u00f2pia es cullen el mateix dia de la cal\u00e7otada.\"},{\"@type\":\"BreadcrumbList\",\"@id\":\"https:\\\/\\\/masdeserra.cat\\\/blog\\\/ja-ha-comencat-la-temporada-de-les-calcotades-20132014\\\/#breadcrumb\",\"itemListElement\":[{\"@type\":\"ListItem\",\"position\":1,\"name\":\"Inici\",\"item\":\"https:\\\/\\\/masdeserra.cat\\\/blog\\\/\"},{\"@type\":\"ListItem\",\"position\":2,\"name\":\"Ja ha comen\u00e7at la temporada de les cal\u00e7otades 2013\\\/2014\"}]},{\"@type\":\"WebSite\",\"@id\":\"https:\\\/\\\/masdeserra.cat\\\/blog\\\/#website\",\"url\":\"https:\\\/\\\/masdeserra.cat\\\/blog\\\/\",\"name\":\"Blog del Mas de Serra.\",\"description\":\"Turisme Rural - Agroturisme - Resid\u00e8ncia Casa de Pag\u00e8s - Cal\u00e7otades\",\"potentialAction\":[{\"@type\":\"SearchAction\",\"target\":{\"@type\":\"EntryPoint\",\"urlTemplate\":\"https:\\\/\\\/masdeserra.cat\\\/blog\\\/?s={search_term_string}\"},\"query-input\":{\"@type\":\"PropertyValueSpecification\",\"valueRequired\":true,\"valueName\":\"search_term_string\"}}],\"inLanguage\":\"ca\"},{\"@type\":\"Person\",\"@id\":\"https:\\\/\\\/masdeserra.cat\\\/blog\\\/#\\\/schema\\\/person\\\/2ebcedfadfccf124dd85095b936f96da\",\"name\":\"Francesc Domingo\",\"sameAs\":[\"http:\\\/\\\/masdeserra.cat\"],\"url\":\"https:\\\/\\\/masdeserra.cat\\\/blog\\\/author\\\/francesc\\\/\"}]}<\/script>\n<!-- \/ Yoast SEO plugin. -->","yoast_head_json":{"title":"Ja ha comen\u00e7at la temporada de les cal\u00e7otades 2013\/2014 - Blog del Mas de Serra.","robots":{"index":"index","follow":"follow","max-snippet":"max-snippet:-1","max-image-preview":"max-image-preview:large","max-video-preview":"max-video-preview:-1"},"canonical":"https:\/\/masdeserra.cat\/blog\/ja-ha-comencat-la-temporada-de-les-calcotades-20132014\/","og_locale":"ca_ES","og_type":"article","og_title":"Ja ha comen\u00e7at la temporada de les cal\u00e7otades 2013\/2014 - Blog del Mas de Serra.","og_description":"Amb l&#8217;arribada de l&#8217;hivern ja ha comen\u00e7at la temporada de cal\u00e7otades 2013 \/ 2014 Els cal\u00e7ots de collita pr\u00f2pia ja estan a punt per aquest inici de temporada i tot preparat per oferir les tradicionals cal\u00e7otades amb la salsa romesco casolana. Pot sol\u00b7licitar m\u00e9s informaci\u00f3 mitjan\u00e7ant el formulari de la web: Formulari de Sol\u00b7licitud d&#8217;informaci\u00f3 [&hellip;]","og_url":"https:\/\/masdeserra.cat\/blog\/ja-ha-comencat-la-temporada-de-les-calcotades-20132014\/","og_site_name":"Blog del Mas de Serra.","article_published_time":"2013-12-17T02:18:13+00:00","article_modified_time":"2023-07-27T07:37:02+00:00","og_image":[{"url":"https:\/\/masdeserra.cat\/blog\/wp-content\/uploads\/2013\/12\/DSC_1203_cal2013_2014_01_r01.jpg","type":"","width":"","height":""}],"author":"Francesc Domingo","twitter_card":"summary_large_image","twitter_misc":{"Escrit per":"Francesc Domingo"},"schema":{"@context":"https:\/\/schema.org","@graph":[{"@type":"Article","@id":"https:\/\/masdeserra.cat\/blog\/ja-ha-comencat-la-temporada-de-les-calcotades-20132014\/#article","isPartOf":{"@id":"https:\/\/masdeserra.cat\/blog\/ja-ha-comencat-la-temporada-de-les-calcotades-20132014\/"},"author":{"name":"Francesc Domingo","@id":"https:\/\/masdeserra.cat\/blog\/#\/schema\/person\/2ebcedfadfccf124dd85095b936f96da"},"headline":"Ja ha comen\u00e7at la temporada de les cal\u00e7otades 2013\/2014","datePublished":"2013-12-17T02:18:13+00:00","dateModified":"2023-07-27T07:37:02+00:00","mainEntityOfPage":{"@id":"https:\/\/masdeserra.cat\/blog\/ja-ha-comencat-la-temporada-de-les-calcotades-20132014\/"},"wordCount":105,"image":{"@id":"https:\/\/masdeserra.cat\/blog\/ja-ha-comencat-la-temporada-de-les-calcotades-20132014\/#primaryimage"},"thumbnailUrl":"https:\/\/masdeserra.cat\/blog\/wp-content\/uploads\/2013\/12\/DSC_1203_cal2013_2014_01_r01.jpg","keywords":["bon preu","cal\u00e7otades","cal\u00e7ots","casa de pag\u00e8s","casa rural","casol\u00e0","casolana","romesco","rural","tradicional","turisme rural"],"articleSection":["Cal\u00e7otades","General"],"inLanguage":"ca"},{"@type":"WebPage","@id":"https:\/\/masdeserra.cat\/blog\/ja-ha-comencat-la-temporada-de-les-calcotades-20132014\/","url":"https:\/\/masdeserra.cat\/blog\/ja-ha-comencat-la-temporada-de-les-calcotades-20132014\/","name":"Ja ha comen\u00e7at la temporada de les cal\u00e7otades 2013\/2014 - Blog del Mas de Serra.","isPartOf":{"@id":"https:\/\/masdeserra.cat\/blog\/#website"},"primaryImageOfPage":{"@id":"https:\/\/masdeserra.cat\/blog\/ja-ha-comencat-la-temporada-de-les-calcotades-20132014\/#primaryimage"},"image":{"@id":"https:\/\/masdeserra.cat\/blog\/ja-ha-comencat-la-temporada-de-les-calcotades-20132014\/#primaryimage"},"thumbnailUrl":"https:\/\/masdeserra.cat\/blog\/wp-content\/uploads\/2013\/12\/DSC_1203_cal2013_2014_01_r01.jpg","datePublished":"2013-12-17T02:18:13+00:00","dateModified":"2023-07-27T07:37:02+00:00","author":{"@id":"https:\/\/masdeserra.cat\/blog\/#\/schema\/person\/2ebcedfadfccf124dd85095b936f96da"},"breadcrumb":{"@id":"https:\/\/masdeserra.cat\/blog\/ja-ha-comencat-la-temporada-de-les-calcotades-20132014\/#breadcrumb"},"inLanguage":"ca","potentialAction":[{"@type":"ReadAction","target":["https:\/\/masdeserra.cat\/blog\/ja-ha-comencat-la-temporada-de-les-calcotades-20132014\/"]}]},{"@type":"ImageObject","inLanguage":"ca","@id":"https:\/\/masdeserra.cat\/blog\/ja-ha-comencat-la-temporada-de-les-calcotades-20132014\/#primaryimage","url":"https:\/\/masdeserra.cat\/blog\/wp-content\/uploads\/2013\/12\/DSC_1203_cal2013_2014_01_r01.jpg","contentUrl":"https:\/\/masdeserra.cat\/blog\/wp-content\/uploads\/2013\/12\/DSC_1203_cal2013_2014_01_r01.jpg","width":628,"height":353,"caption":"Els cal\u00e7ots de collita pr\u00f2pia es cullen el mateix dia de la cal\u00e7otada."},{"@type":"BreadcrumbList","@id":"https:\/\/masdeserra.cat\/blog\/ja-ha-comencat-la-temporada-de-les-calcotades-20132014\/#breadcrumb","itemListElement":[{"@type":"ListItem","position":1,"name":"Inici","item":"https:\/\/masdeserra.cat\/blog\/"},{"@type":"ListItem","position":2,"name":"Ja ha comen\u00e7at la temporada de les cal\u00e7otades 2013\/2014"}]},{"@type":"WebSite","@id":"https:\/\/masdeserra.cat\/blog\/#website","url":"https:\/\/masdeserra.cat\/blog\/","name":"Blog del Mas de Serra.","description":"Turisme Rural - Agroturisme - Resid\u00e8ncia Casa de Pag\u00e8s - Cal\u00e7otades","potentialAction":[{"@type":"SearchAction","target":{"@type":"EntryPoint","urlTemplate":"https:\/\/masdeserra.cat\/blog\/?s={search_term_string}"},"query-input":{"@type":"PropertyValueSpecification","valueRequired":true,"valueName":"search_term_string"}}],"inLanguage":"ca"},{"@type":"Person","@id":"https:\/\/masdeserra.cat\/blog\/#\/schema\/person\/2ebcedfadfccf124dd85095b936f96da","name":"Francesc Domingo","sameAs":["http:\/\/masdeserra.cat"],"url":"https:\/\/masdeserra.cat\/blog\/author\/francesc\/"}]}},"_links":{"self":[{"href":"https:\/\/masdeserra.cat\/blog\/wp-json\/wp\/v2\/posts\/97","targetHints":{"allow":["GET"]}}],"collection":[{"href":"https:\/\/masdeserra.cat\/blog\/wp-json\/wp\/v2\/posts"}],"about":[{"href":"https:\/\/masdeserra.cat\/blog\/wp-json\/wp\/v2\/types\/post"}],"author":[{"embeddable":true,"href":"https:\/\/masdeserra.cat\/blog\/wp-json\/wp\/v2\/users\/1"}],"replies":[{"embeddable":true,"href":"https:\/\/masdeserra.cat\/blog\/wp-json\/wp\/v2\/comments?post=97"}],"version-history":[{"count":3,"href":"https:\/\/masdeserra.cat\/blog\/wp-json\/wp\/v2\/posts\/97\/revisions"}],"predecessor-version":[{"id":134,"href":"https:\/\/masdeserra.cat\/blog\/wp-json\/wp\/v2\/posts\/97\/revisions\/134"}],"wp:attachment":[{"href":"https:\/\/masdeserra.cat\/blog\/wp-json\/wp\/v2\/media?parent=97"}],"wp:term":[{"taxonomy":"category","embeddable":true,"href":"https:\/\/masdeserra.cat\/blog\/wp-json\/wp\/v2\/categories?post=97"},{"taxonomy":"post_tag","embeddable":true,"href":"https:\/\/masdeserra.cat\/blog\/wp-json\/wp\/v2\/tags?post=97"}],"curies":[{"name":"wp","href":"https:\/\/api.w.org\/{rel}","templated":true}]}}